{"id":644,"date":"2023-05-15T14:45:57","date_gmt":"2023-05-15T14:45:57","guid":{"rendered":"https:\/\/viseco.es\/?p=644"},"modified":"2023-09-29T11:55:04","modified_gmt":"2023-09-29T11:55:04","slug":"fujifilm-participa-en-feindef-con-sistemas-de-videovigilancia-y-de-ultramovilidad-medica","status":"publish","type":"post","link":"https:\/\/viseco.es\/en\/viseco\/fujifilm-participa-en-feindef-con-sistemas-de-videovigilancia-y-de-ultramovilidad-medica\/","title":{"rendered":"Fujifilm en FEINDEF: Videovigilancia y Movilidad M\u00e9dica"},"content":{"rendered":"","protected":false},"excerpt":{"rendered":"","protected":false},"author":1,"featured_media":0,"comment_status":"open","ping_status":"open","sticky":false,"template":"","format":"standard","meta":{"_et_pb_use_builder":"on","_et_pb_old_content":"","_et_gb_content_width":"","footnotes":""},"categories":[1],"tags":[],"class_list":["post-644","post","type-post","status-publish","format-standard","hentry","category-viseco"],"yoast_head":"<!-- This site is optimized with the Yoast SEO plugin v27.2 - https:\/\/yoast.com\/product\/yoast-seo-wordpress\/ -->\n<title>Fujifilm en FEINDEF: Videovigilancia y Movilidad M\u00e9dica - VISECO<\/title>\n<meta name=\"description\" content=\"Explora soluciones innovadoras de Fujifilm en FEINDEF, desde videovigilancia hasta ultramovilidad m\u00e9dica, destacando avances en seguridad y atenci\u00f3n m\u00e9dica.\" \/>\n<meta name=\"robots\" content=\"index, follow, max-snippet:-1, max-image-preview:large, max-video-preview:-1\" \/>\n<link rel=\"canonical\" href=\"https:\/\/viseco.es\/en\/viseco\/fujifilm-participa-en-feindef-con-sistemas-de-videovigilancia-y-de-ultramovilidad-medica\/\" \/>\n<meta property=\"og:locale\" content=\"en_US\" \/>\n<meta property=\"og:type\" content=\"article\" \/>\n<meta property=\"og:title\" content=\"Fujifilm en FEINDEF: Videovigilancia y Movilidad M\u00e9dica - VISECO\" \/>\n<meta property=\"og:description\" content=\"Explora soluciones innovadoras de Fujifilm en FEINDEF, desde videovigilancia hasta ultramovilidad m\u00e9dica, destacando avances en seguridad y atenci\u00f3n m\u00e9dica.\" \/>\n<meta property=\"og:url\" content=\"https:\/\/viseco.es\/en\/viseco\/fujifilm-participa-en-feindef-con-sistemas-de-videovigilancia-y-de-ultramovilidad-medica\/\" \/>\n<meta property=\"og:site_name\" content=\"VISECO\" \/>\n<meta property=\"article:published_time\" content=\"2023-05-15T14:45:57+00:00\" \/>\n<meta property=\"article:modified_time\" content=\"2023-09-29T11:55:04+00:00\" \/>\n<meta name=\"author\" content=\"admin\" \/>\n<meta name=\"twitter:card\" content=\"summary_large_image\" \/>\n<meta name=\"twitter:label1\" content=\"Written by\" \/>\n\t<meta name=\"twitter:data1\" content=\"admin\" \/>\n<script type=\"application\/ld+json\" class=\"yoast-schema-graph\">{\"@context\":\"https:\/\/schema.org\",\"@graph\":[{\"@type\":\"Article\",\"@id\":\"https:\/\/viseco.es\/en\/viseco\/fujifilm-participa-en-feindef-con-sistemas-de-videovigilancia-y-de-ultramovilidad-medica\/#article\",\"isPartOf\":{\"@id\":\"https:\/\/viseco.es\/en\/viseco\/fujifilm-participa-en-feindef-con-sistemas-de-videovigilancia-y-de-ultramovilidad-medica\/\"},\"author\":{\"name\":\"admin\",\"@id\":\"https:\/\/viseco.es\/en\/#\/schema\/person\/5900679d26a9adec7adcfe76f22319d5\"},\"headline\":\"Fujifilm en FEINDEF: Videovigilancia y Movilidad M\u00e9dica\",\"datePublished\":\"2023-05-15T14:45:57+00:00\",\"dateModified\":\"2023-09-29T11:55:04+00:00\",\"mainEntityOfPage\":{\"@id\":\"https:\/\/viseco.es\/en\/viseco\/fujifilm-participa-en-feindef-con-sistemas-de-videovigilancia-y-de-ultramovilidad-medica\/\"},\"wordCount\":8,\"commentCount\":0,\"publisher\":{\"@id\":\"https:\/\/viseco.es\/en\/#organization\"},\"articleSection\":[\"Viseco\"],\"inLanguage\":\"en-US\",\"potentialAction\":[{\"@type\":\"CommentAction\",\"name\":\"Comment\",\"target\":[\"https:\/\/viseco.es\/en\/viseco\/fujifilm-participa-en-feindef-con-sistemas-de-videovigilancia-y-de-ultramovilidad-medica\/#respond\"]}]},{\"@type\":\"WebPage\",\"@id\":\"https:\/\/viseco.es\/en\/viseco\/fujifilm-participa-en-feindef-con-sistemas-de-videovigilancia-y-de-ultramovilidad-medica\/\",\"url\":\"https:\/\/viseco.es\/en\/viseco\/fujifilm-participa-en-feindef-con-sistemas-de-videovigilancia-y-de-ultramovilidad-medica\/\",\"name\":\"Fujifilm en FEINDEF: Videovigilancia y Movilidad M\u00e9dica - VISECO\",\"isPartOf\":{\"@id\":\"https:\/\/viseco.es\/en\/#website\"},\"datePublished\":\"2023-05-15T14:45:57+00:00\",\"dateModified\":\"2023-09-29T11:55:04+00:00\",\"description\":\"Explora soluciones innovadoras de Fujifilm en FEINDEF, desde videovigilancia hasta ultramovilidad m\u00e9dica, destacando avances en seguridad y atenci\u00f3n m\u00e9dica.\",\"breadcrumb\":{\"@id\":\"https:\/\/viseco.es\/en\/viseco\/fujifilm-participa-en-feindef-con-sistemas-de-videovigilancia-y-de-ultramovilidad-medica\/#breadcrumb\"},\"inLanguage\":\"en-US\",\"potentialAction\":[{\"@type\":\"ReadAction\",\"target\":[\"https:\/\/viseco.es\/en\/viseco\/fujifilm-participa-en-feindef-con-sistemas-de-videovigilancia-y-de-ultramovilidad-medica\/\"]}]},{\"@type\":\"BreadcrumbList\",\"@id\":\"https:\/\/viseco.es\/en\/viseco\/fujifilm-participa-en-feindef-con-sistemas-de-videovigilancia-y-de-ultramovilidad-medica\/#breadcrumb\",\"itemListElement\":[{\"@type\":\"ListItem\",\"position\":1,\"name\":\"Portada\",\"item\":\"https:\/\/viseco.es\/en\/\"},{\"@type\":\"ListItem\",\"position\":2,\"name\":\"Fujifilm en FEINDEF: Videovigilancia y Movilidad M\u00e9dica\"}]},{\"@type\":\"WebSite\",\"@id\":\"https:\/\/viseco.es\/en\/#website\",\"url\":\"https:\/\/viseco.es\/en\/\",\"name\":\"VISECO\",\"description\":\"Ofrecemos servicios y soluciones de seguridad y control de acceso mediante la integraci\u00f3n de tecnolog\u00edas avanzadas\",\"publisher\":{\"@id\":\"https:\/\/viseco.es\/en\/#organization\"},\"potentialAction\":[{\"@type\":\"SearchAction\",\"target\":{\"@type\":\"EntryPoint\",\"urlTemplate\":\"https:\/\/viseco.es\/en\/?s={search_term_string}\"},\"query-input\":{\"@type\":\"PropertyValueSpecification\",\"valueRequired\":true,\"valueName\":\"search_term_string\"}}],\"inLanguage\":\"en-US\"},{\"@type\":\"Organization\",\"@id\":\"https:\/\/viseco.es\/en\/#organization\",\"name\":\"Viseco Seguridad Y Defensa\",\"url\":\"https:\/\/viseco.es\/en\/\",\"logo\":{\"@type\":\"ImageObject\",\"inLanguage\":\"en-US\",\"@id\":\"https:\/\/viseco.es\/en\/#\/schema\/logo\/image\/\",\"url\":\"https:\/\/viseco.es\/wp-content\/uploads\/2022\/11\/LOGO-VISECO.jpg\",\"contentUrl\":\"https:\/\/viseco.es\/wp-content\/uploads\/2022\/11\/LOGO-VISECO.jpg\",\"width\":308,\"height\":205,\"caption\":\"Viseco Seguridad Y Defensa\"},\"image\":{\"@id\":\"https:\/\/viseco.es\/en\/#\/schema\/logo\/image\/\"}},{\"@type\":\"Person\",\"@id\":\"https:\/\/viseco.es\/en\/#\/schema\/person\/5900679d26a9adec7adcfe76f22319d5\",\"name\":\"admin\",\"image\":{\"@type\":\"ImageObject\",\"inLanguage\":\"en-US\",\"@id\":\"https:\/\/secure.gravatar.com\/avatar\/55acc207f965df49776891f9a6401d5e7e0ea6126a173688a3b2408f3c21fde1?s=96&d=mm&r=g\",\"url\":\"https:\/\/secure.gravatar.com\/avatar\/55acc207f965df49776891f9a6401d5e7e0ea6126a173688a3b2408f3c21fde1?s=96&d=mm&r=g\",\"contentUrl\":\"https:\/\/secure.gravatar.com\/avatar\/55acc207f965df49776891f9a6401d5e7e0ea6126a173688a3b2408f3c21fde1?s=96&d=mm&r=g\",\"caption\":\"admin\"},\"url\":\"https:\/\/viseco.es\/en\/author\/admin\/\"}]}<\/script>\n<!-- \/ Yoast SEO plugin. -->","yoast_head_json":{"title":"Fujifilm en FEINDEF: Videovigilancia y Movilidad M\u00e9dica - VISECO","description":"Explora soluciones innovadoras de Fujifilm en FEINDEF, desde videovigilancia hasta ultramovilidad m\u00e9dica, destacando avances en seguridad y atenci\u00f3n m\u00e9dica.","robots":{"index":"index","follow":"follow","max-snippet":"max-snippet:-1","max-image-preview":"max-image-preview:large","max-video-preview":"max-video-preview:-1"},"canonical":"https:\/\/viseco.es\/en\/viseco\/fujifilm-participa-en-feindef-con-sistemas-de-videovigilancia-y-de-ultramovilidad-medica\/","og_locale":"en_US","og_type":"article","og_title":"Fujifilm en FEINDEF: Videovigilancia y Movilidad M\u00e9dica - VISECO","og_description":"Explora soluciones innovadoras de Fujifilm en FEINDEF, desde videovigilancia hasta ultramovilidad m\u00e9dica, destacando avances en seguridad y atenci\u00f3n m\u00e9dica.","og_url":"https:\/\/viseco.es\/en\/viseco\/fujifilm-participa-en-feindef-con-sistemas-de-videovigilancia-y-de-ultramovilidad-medica\/","og_site_name":"VISECO","article_published_time":"2023-05-15T14:45:57+00:00","article_modified_time":"2023-09-29T11:55:04+00:00","author":"admin","twitter_card":"summary_large_image","twitter_misc":{"Written by":"admin"},"schema":{"@context":"https:\/\/schema.org","@graph":[{"@type":"Article","@id":"https:\/\/viseco.es\/en\/viseco\/fujifilm-participa-en-feindef-con-sistemas-de-videovigilancia-y-de-ultramovilidad-medica\/#article","isPartOf":{"@id":"https:\/\/viseco.es\/en\/viseco\/fujifilm-participa-en-feindef-con-sistemas-de-videovigilancia-y-de-ultramovilidad-medica\/"},"author":{"name":"admin","@id":"https:\/\/viseco.es\/en\/#\/schema\/person\/5900679d26a9adec7adcfe76f22319d5"},"headline":"Fujifilm en FEINDEF: Videovigilancia y Movilidad M\u00e9dica","datePublished":"2023-05-15T14:45:57+00:00","dateModified":"2023-09-29T11:55:04+00:00","mainEntityOfPage":{"@id":"https:\/\/viseco.es\/en\/viseco\/fujifilm-participa-en-feindef-con-sistemas-de-videovigilancia-y-de-ultramovilidad-medica\/"},"wordCount":8,"commentCount":0,"publisher":{"@id":"https:\/\/viseco.es\/en\/#organization"},"articleSection":["Viseco"],"inLanguage":"en-US","potentialAction":[{"@type":"CommentAction","name":"Comment","target":["https:\/\/viseco.es\/en\/viseco\/fujifilm-participa-en-feindef-con-sistemas-de-videovigilancia-y-de-ultramovilidad-medica\/#respond"]}]},{"@type":"WebPage","@id":"https:\/\/viseco.es\/en\/viseco\/fujifilm-participa-en-feindef-con-sistemas-de-videovigilancia-y-de-ultramovilidad-medica\/","url":"https:\/\/viseco.es\/en\/viseco\/fujifilm-participa-en-feindef-con-sistemas-de-videovigilancia-y-de-ultramovilidad-medica\/","name":"Fujifilm en FEINDEF: Videovigilancia y Movilidad M\u00e9dica - VISECO","isPartOf":{"@id":"https:\/\/viseco.es\/en\/#website"},"datePublished":"2023-05-15T14:45:57+00:00","dateModified":"2023-09-29T11:55:04+00:00","description":"Explora soluciones innovadoras de Fujifilm en FEINDEF, desde videovigilancia hasta ultramovilidad m\u00e9dica, destacando avances en seguridad y atenci\u00f3n m\u00e9dica.","breadcrumb":{"@id":"https:\/\/viseco.es\/en\/viseco\/fujifilm-participa-en-feindef-con-sistemas-de-videovigilancia-y-de-ultramovilidad-medica\/#breadcrumb"},"inLanguage":"en-US","potentialAction":[{"@type":"ReadAction","target":["https:\/\/viseco.es\/en\/viseco\/fujifilm-participa-en-feindef-con-sistemas-de-videovigilancia-y-de-ultramovilidad-medica\/"]}]},{"@type":"BreadcrumbList","@id":"https:\/\/viseco.es\/en\/viseco\/fujifilm-participa-en-feindef-con-sistemas-de-videovigilancia-y-de-ultramovilidad-medica\/#breadcrumb","itemListElement":[{"@type":"ListItem","position":1,"name":"Portada","item":"https:\/\/viseco.es\/en\/"},{"@type":"ListItem","position":2,"name":"Fujifilm en FEINDEF: Videovigilancia y Movilidad M\u00e9dica"}]},{"@type":"WebSite","@id":"https:\/\/viseco.es\/en\/#website","url":"https:\/\/viseco.es\/en\/","name":"VISECO","description":"Ofrecemos servicios y soluciones de seguridad y control de acceso mediante la integraci\u00f3n de tecnolog\u00edas avanzadas","publisher":{"@id":"https:\/\/viseco.es\/en\/#organization"},"potentialAction":[{"@type":"SearchAction","target":{"@type":"EntryPoint","urlTemplate":"https:\/\/viseco.es\/en\/?s={search_term_string}"},"query-input":{"@type":"PropertyValueSpecification","valueRequired":true,"valueName":"search_term_string"}}],"inLanguage":"en-US"},{"@type":"Organization","@id":"https:\/\/viseco.es\/en\/#organization","name":"Viseco Seguridad Y Defensa","url":"https:\/\/viseco.es\/en\/","logo":{"@type":"ImageObject","inLanguage":"en-US","@id":"https:\/\/viseco.es\/en\/#\/schema\/logo\/image\/","url":"https:\/\/viseco.es\/wp-content\/uploads\/2022\/11\/LOGO-VISECO.jpg","contentUrl":"https:\/\/viseco.es\/wp-content\/uploads\/2022\/11\/LOGO-VISECO.jpg","width":308,"height":205,"caption":"Viseco Seguridad Y Defensa"},"image":{"@id":"https:\/\/viseco.es\/en\/#\/schema\/logo\/image\/"}},{"@type":"Person","@id":"https:\/\/viseco.es\/en\/#\/schema\/person\/5900679d26a9adec7adcfe76f22319d5","name":"admin","image":{"@type":"ImageObject","inLanguage":"en-US","@id":"https:\/\/secure.gravatar.com\/avatar\/55acc207f965df49776891f9a6401d5e7e0ea6126a173688a3b2408f3c21fde1?s=96&d=mm&r=g","url":"https:\/\/secure.gravatar.com\/avatar\/55acc207f965df49776891f9a6401d5e7e0ea6126a173688a3b2408f3c21fde1?s=96&d=mm&r=g","contentUrl":"https:\/\/secure.gravatar.com\/avatar\/55acc207f965df49776891f9a6401d5e7e0ea6126a173688a3b2408f3c21fde1?s=96&d=mm&r=g","caption":"admin"},"url":"https:\/\/viseco.es\/en\/author\/admin\/"}]}},"_links":{"self":[{"href":"https:\/\/viseco.es\/en\/wp-json\/wp\/v2\/posts\/644","targetHints":{"allow":["GET"]}}],"collection":[{"href":"https:\/\/viseco.es\/en\/wp-json\/wp\/v2\/posts"}],"about":[{"href":"https:\/\/viseco.es\/en\/wp-json\/wp\/v2\/types\/post"}],"author":[{"embeddable":true,"href":"https:\/\/viseco.es\/en\/wp-json\/wp\/v2\/users\/1"}],"replies":[{"embeddable":true,"href":"https:\/\/viseco.es\/en\/wp-json\/wp\/v2\/comments?post=644"}],"version-history":[{"count":10,"href":"https:\/\/viseco.es\/en\/wp-json\/wp\/v2\/posts\/644\/revisions"}],"predecessor-version":[{"id":783,"href":"https:\/\/viseco.es\/en\/wp-json\/wp\/v2\/posts\/644\/revisions\/783"}],"wp:attachment":[{"href":"https:\/\/viseco.es\/en\/wp-json\/wp\/v2\/media?parent=644"}],"wp:term":[{"taxonomy":"category","embeddable":true,"href":"https:\/\/viseco.es\/en\/wp-json\/wp\/v2\/categories?post=644"},{"taxonomy":"post_tag","embeddable":true,"href":"https:\/\/viseco.es\/en\/wp-json\/wp\/v2\/tags?post=644"}],"curies":[{"name":"wp","href":"https:\/\/api.w.org\/{rel}","templated":true}]}}